{"id":196,"date":"2017-10-05T20:23:25","date_gmt":"2017-10-05T20:23:25","guid":{"rendered":"http:\/\/www.ccpascani.ro\/?p=196"},"modified":"2017-10-05T20:23:25","modified_gmt":"2017-10-05T20:23:25","slug":"activitati-inedite-de-ziua-mondiala-a-educatiei","status":"publish","type":"post","link":"http:\/\/ccpascani.ro\/index.php\/2017\/10\/05\/activitati-inedite-de-ziua-mondiala-a-educatiei\/","title":{"rendered":"Activit\u0103\u021bi inedite de Ziua Mondial\u0103 a Educa\u021biei"},"content":{"rendered":"<p>Clubul Copiilor Pa\u0219cani a g\u0103zduit ast\u0103zi dou\u0103 activit\u0103\u021bi prin care am s\u0103rb\u0103torit Ziua Mondial\u0103 a Educa\u021biei. Prima dintre ele a marcat Zilele Casei Corpului Didactic \u201cSpiru Haret\u201d, eveniment ini\u021biat de directorul acesteia, prof. Silviu Iordache \u0219i de prof. Lidia Andronache \u0219i la care au participat zeci de profesori \u0219i elevi din Pa\u0219cani, dar \u0219i reprezentan\u021bi ai Inspectoratului \u0218colar Jude\u021bean Ia\u0219i, ai Consiliului Jude\u021bean \u0219i ai comunit\u0103\u021bii locale.<\/p>\n<p>A doua activitate a fost o experien\u021b\u0103 de neuitat pentru elevii no\u0219tri, deoarece au fost gazde primitoare pentru colegii lor implica\u021bi \u00een proiectul KA2 al Colegiului Na\u021bional Garabet Ibr\u0103ileanu Ia\u0219i. Astfel, aproximativ 20 de adolescen\u021bi din 5 \u021b\u0103ri europene (Fran\u021ba, Anglia, Irlanda, Bulgaria \u0219i Rom\u00e2nia) au participat al\u0103turi de elevii Clubului Copiilor la ateliere de lucru \u00een cadrul fiec\u0103rui cerc. Consider\u0103m c\u0103 \u0219i pentru invita\u021bii no\u0219tri a fost o zi ce le va r\u0103m\u00e2ne \u00een memorie, deoarece s-au ar\u0103tat deosebit de \u00eenc\u00e2nta\u021bi de activit\u0103\u021bile din cadrul cercurilor, de maniera \u00een care sunt transmise cuno\u0219tin\u021bele de c\u0103tre profesori, de con\u021binuturile alese, de tot ceea ce \u00eei face pe elevi s\u0103 vin\u0103 la Clubul Copiilor \u00een timpul lor liber, pentru a-\u0219i completa cuno\u0219tin\u021bele \u00eenv\u0103\u021bate la \u0219coal\u0103.<\/p>\n<p><code id=\"envira_shortcode_id_206\">[envira-gallery id=\"206\"]<\/code><\/p>\n","protected":false},"excerpt":{"rendered":"<p>Clubul Copiilor Pa\u0219cani a g\u0103zduit ast\u0103zi dou\u0103 activit\u0103\u021bi prin care am s\u0103rb\u0103torit Ziua Mondial\u0103 a Educa\u021biei. Prima dintre ele a marcat Zilele Casei Corpului Didactic \u201cSpiru Haret\u201d, eveniment ini\u021biat de directorul acesteia, prof. Silviu Iordache \u0219i de prof. Lidia Andronache \u0219i la care au participat zeci de profesori \u0219i elevi din Pa\u0219cani, dar \u0219i reprezentan\u021bi [&hellip;]<\/p>\n","protected":false},"author":2,"featured_media":0,"comment_status":"open","ping_status":"open","sticky":false,"template":"","format":"standard","meta":{"footnotes":""},"categories":[60],"tags":[],"class_list":["post-196","post","type-post","status-publish","format-standard","hentry","category-despre-noi"],"_links":{"self":[{"href":"http:\/\/ccpascani.ro\/index.php\/wp-json\/wp\/v2\/posts\/196","targetHints":{"allow":["GET"]}}],"collection":[{"href":"http:\/\/ccpascani.ro\/index.php\/wp-json\/wp\/v2\/posts"}],"about":[{"href":"http:\/\/ccpascani.ro\/index.php\/wp-json\/wp\/v2\/types\/post"}],"author":[{"embeddable":true,"href":"http:\/\/ccpascani.ro\/index.php\/wp-json\/wp\/v2\/users\/2"}],"replies":[{"embeddable":true,"href":"http:\/\/ccpascani.ro\/index.php\/wp-json\/wp\/v2\/comments?post=196"}],"version-history":[{"count":0,"href":"http:\/\/ccpascani.ro\/index.php\/wp-json\/wp\/v2\/posts\/196\/revisions"}],"wp:attachment":[{"href":"http:\/\/ccpascani.ro\/index.php\/wp-json\/wp\/v2\/media?parent=196"}],"wp:term":[{"taxonomy":"category","embeddable":true,"href":"http:\/\/ccpascani.ro\/index.php\/wp-json\/wp\/v2\/categories?post=196"},{"taxonomy":"post_tag","embeddable":true,"href":"http:\/\/ccpascani.ro\/index.php\/wp-json\/wp\/v2\/tags?post=196"}],"curies":[{"name":"wp","href":"https:\/\/api.w.org\/{rel}","templated":true}]}}