{"id":3556,"date":"2024-05-28T09:28:55","date_gmt":"2024-05-28T09:28:55","guid":{"rendered":"https:\/\/ccpascani.ro\/?p=3556"},"modified":"2024-05-28T09:28:55","modified_gmt":"2024-05-28T09:28:55","slug":"premiati-la-faza-judeteana-a-olimpiadei-de-inovare-si-creatie-digitala","status":"publish","type":"post","link":"http:\/\/ccpascani.ro\/index.php\/2024\/05\/28\/premiati-la-faza-judeteana-a-olimpiadei-de-inovare-si-creatie-digitala\/","title":{"rendered":"Premia\u021bi la faza jude\u021bean\u0103 a Olimpiadei de inovare \u0219i crea\u021bie digital\u0103"},"content":{"rendered":"<div dir=\"auto\"><img fetchpriority=\"high\" decoding=\"async\" class=\"alignnone size-medium wp-image-3558\" src=\"http:\/\/ccpascani.ro\/wp-content\/uploads\/2024\/05\/442497790_10225952196933943_4310155258139921951_n-226x300.jpg\" alt=\"\" width=\"226\" height=\"300\" srcset=\"http:\/\/ccpascani.ro\/wp-content\/uploads\/2024\/05\/442497790_10225952196933943_4310155258139921951_n-226x300.jpg 226w, http:\/\/ccpascani.ro\/wp-content\/uploads\/2024\/05\/442497790_10225952196933943_4310155258139921951_n-771x1024.jpg 771w, http:\/\/ccpascani.ro\/wp-content\/uploads\/2024\/05\/442497790_10225952196933943_4310155258139921951_n-768x1020.jpg 768w, http:\/\/ccpascani.ro\/wp-content\/uploads\/2024\/05\/442497790_10225952196933943_4310155258139921951_n-1157x1536.jpg 1157w, http:\/\/ccpascani.ro\/wp-content\/uploads\/2024\/05\/442497790_10225952196933943_4310155258139921951_n.jpg 1542w\" sizes=\"(max-width: 226px) 100vw, 226px\" \/> <img decoding=\"async\" class=\"alignnone size-medium wp-image-3559\" src=\"http:\/\/ccpascani.ro\/wp-content\/uploads\/2024\/05\/445403549_10225952201254051_3883919070800716295_n-226x300.jpg\" alt=\"\" width=\"226\" height=\"300\" srcset=\"http:\/\/ccpascani.ro\/wp-content\/uploads\/2024\/05\/445403549_10225952201254051_3883919070800716295_n-226x300.jpg 226w, http:\/\/ccpascani.ro\/wp-content\/uploads\/2024\/05\/445403549_10225952201254051_3883919070800716295_n-771x1024.jpg 771w, http:\/\/ccpascani.ro\/wp-content\/uploads\/2024\/05\/445403549_10225952201254051_3883919070800716295_n-768x1020.jpg 768w, http:\/\/ccpascani.ro\/wp-content\/uploads\/2024\/05\/445403549_10225952201254051_3883919070800716295_n-1157x1536.jpg 1157w, http:\/\/ccpascani.ro\/wp-content\/uploads\/2024\/05\/445403549_10225952201254051_3883919070800716295_n.jpg 1542w\" sizes=\"(max-width: 226px) 100vw, 226px\" \/><\/div>\n<div dir=\"auto\">Cu mare bucurie \u0219i m\u00e2ndrie vreau s\u0103 v\u0103 anun\u021b c\u0103 trei dintre elevii no\u0219tri talenta\u021bi, Iustin Erdic, Amalia A\u0219tef\u0103noai \u0219i Bi\u021ba Simone au fost premia\u021bi la faza jude\u021bean\u0103 a Olimpiadei de inovare \u0219i crea\u021bie digital\u0103. <span class=\"html-span xexx8yu x4uap5 x18d9i69 xkhd6sd x1hl2dhg x16tdsg8 x1vvkbs x3nfvp2 x1j61x8r x1fcty0u xdj266r xhhsvwb xat24cr xgzva0m xxymvpz xlup9mm x1kky2od\"><img decoding=\"async\" class=\"xz74otr\" src=\"https:\/\/static.xx.fbcdn.net\/images\/emoji.php\/v9\/tbe\/1\/16\/1f3c6.png\" alt=\"\ud83c\udfc6\" width=\"16\" height=\"16\" \/><\/span>Aceasta este o realizare care reflect\u0103 nu doar inteligen\u021ba \u0219i creativitatea lor, dar \u0219i efortul \u0219i pasiunea pe care le-au investit \u00een preg\u0103tirea pentru aceast\u0103 competi\u021bie. <span class=\"html-span xexx8yu x4uap5 x18d9i69 xkhd6sd x1hl2dhg x16tdsg8 x1vvkbs x3nfvp2 x1j61x8r x1fcty0u xdj266r xhhsvwb xat24cr xgzva0m xxymvpz xlup9mm x1kky2od\"><img loading=\"lazy\" decoding=\"async\" class=\"xz74otr\" src=\"https:\/\/static.xx.fbcdn.net\/images\/emoji.php\/v9\/t94\/1\/16\/1f947.png\" alt=\"\ud83e\udd47\" width=\"16\" height=\"16\" \/><\/span><\/div>\n<div dir=\"auto\"><img loading=\"lazy\" decoding=\"async\" class=\"alignnone size-medium wp-image-3560\" src=\"http:\/\/ccpascani.ro\/wp-content\/uploads\/2024\/05\/442486133_10225952200694037_6975622737535400964_n-1-226x300.jpg\" alt=\"\" width=\"226\" height=\"300\" srcset=\"http:\/\/ccpascani.ro\/wp-content\/uploads\/2024\/05\/442486133_10225952200694037_6975622737535400964_n-1-226x300.jpg 226w, http:\/\/ccpascani.ro\/wp-content\/uploads\/2024\/05\/442486133_10225952200694037_6975622737535400964_n-1-771x1024.jpg 771w, http:\/\/ccpascani.ro\/wp-content\/uploads\/2024\/05\/442486133_10225952200694037_6975622737535400964_n-1-768x1020.jpg 768w, http:\/\/ccpascani.ro\/wp-content\/uploads\/2024\/05\/442486133_10225952200694037_6975622737535400964_n-1-1157x1536.jpg 1157w, http:\/\/ccpascani.ro\/wp-content\/uploads\/2024\/05\/442486133_10225952200694037_6975622737535400964_n-1.jpg 1542w\" sizes=\"(max-width: 226px) 100vw, 226px\" \/> <img loading=\"lazy\" decoding=\"async\" class=\"alignnone size-medium wp-image-3561\" src=\"http:\/\/ccpascani.ro\/wp-content\/uploads\/2024\/05\/445545475_10225952199774014_5424336891525241750_n-226x300.jpg\" alt=\"\" width=\"226\" height=\"300\" srcset=\"http:\/\/ccpascani.ro\/wp-content\/uploads\/2024\/05\/445545475_10225952199774014_5424336891525241750_n-226x300.jpg 226w, http:\/\/ccpascani.ro\/wp-content\/uploads\/2024\/05\/445545475_10225952199774014_5424336891525241750_n-771x1024.jpg 771w, http:\/\/ccpascani.ro\/wp-content\/uploads\/2024\/05\/445545475_10225952199774014_5424336891525241750_n-768x1020.jpg 768w, http:\/\/ccpascani.ro\/wp-content\/uploads\/2024\/05\/445545475_10225952199774014_5424336891525241750_n-1157x1536.jpg 1157w, http:\/\/ccpascani.ro\/wp-content\/uploads\/2024\/05\/445545475_10225952199774014_5424336891525241750_n.jpg 1542w\" sizes=\"(max-width: 226px) 100vw, 226px\" \/><\/div>\n<div dir=\"auto\"><span class=\"html-span xexx8yu x4uap5 x18d9i69 xkhd6sd x1hl2dhg x16tdsg8 x1vvkbs x3nfvp2 x1j61x8r x1fcty0u xdj266r xhhsvwb xat24cr xgzva0m xxymvpz xlup9mm x1kky2od\"><img loading=\"lazy\" decoding=\"async\" class=\"xz74otr\" src=\"https:\/\/static.xx.fbcdn.net\/images\/emoji.php\/v9\/tba\/1\/16\/1f4e3.png\" alt=\"\ud83d\udce3\" width=\"16\" height=\"16\" \/><\/span>Munca lor asidu\u0103 \u0219i dedicarea de care au dat dovad\u0103 sunt un exemplu de urmat pentru to\u021bi \u0219i m\u0103 fac s\u0103 fiu extrem de m\u00e2ndr\u0103 c\u0103 sunt profesorul lor. Felicit\u0103ri din suflet, Iustin, Amalia \u0219i Simone! <span class=\"html-span xexx8yu x4uap5 x18d9i69 xkhd6sd x1hl2dhg x16tdsg8 x1vvkbs x3nfvp2 x1j61x8r x1fcty0u xdj266r xhhsvwb xat24cr xgzva0m xxymvpz xlup9mm x1kky2od\"><img loading=\"lazy\" decoding=\"async\" class=\"xz74otr\" src=\"https:\/\/static.xx.fbcdn.net\/images\/emoji.php\/v9\/t8c\/1\/16\/1f389.png\" alt=\"\ud83c\udf89\" width=\"16\" height=\"16\" \/><\/span>Continua\u021bi s\u0103 v\u0103 urma\u021bi visurile cu aceea\u0219i determinare \u0219i s\u0103 str\u0103luci\u021bi \u00een tot ceea ce face\u021bi!<span class=\"html-span xexx8yu x4uap5 x18d9i69 xkhd6sd x1hl2dhg x16tdsg8 x1vvkbs x3nfvp2 x1j61x8r x1fcty0u xdj266r xhhsvwb xat24cr xgzva0m xxymvpz xlup9mm x1kky2od\"><img loading=\"lazy\" decoding=\"async\" class=\"xz74otr\" src=\"https:\/\/static.xx.fbcdn.net\/images\/emoji.php\/v9\/tb4\/1\/16\/1f38a.png\" alt=\"\ud83c\udf8a\" width=\"16\" height=\"16\" \/><\/span><\/div>\n","protected":false},"excerpt":{"rendered":"<p>Cu mare bucurie \u0219i m\u00e2ndrie vreau s\u0103 v\u0103 anun\u021b c\u0103 trei dintre elevii no\u0219tri talenta\u021bi, Iustin Erdic, Amalia A\u0219tef\u0103noai \u0219i Bi\u021ba Simone au fost premia\u021bi la faza jude\u021bean\u0103 a Olimpiadei de inovare \u0219i crea\u021bie digital\u0103. Aceasta este o realizare care reflect\u0103 nu doar inteligen\u021ba \u0219i creativitatea lor, dar \u0219i efortul \u0219i pasiunea pe care le-au [&hellip;]<\/p>\n","protected":false},"author":4,"featured_media":3557,"comment_status":"open","ping_status":"open","sticky":false,"template":"","format":"standard","meta":{"footnotes":""},"categories":[85],"tags":[],"class_list":["post-3556","post","type-post","status-publish","format-standard","has-post-thumbnail","hentry","category-robotica"],"_links":{"self":[{"href":"http:\/\/ccpascani.ro\/index.php\/wp-json\/wp\/v2\/posts\/3556","targetHints":{"allow":["GET"]}}],"collection":[{"href":"http:\/\/ccpascani.ro\/index.php\/wp-json\/wp\/v2\/posts"}],"about":[{"href":"http:\/\/ccpascani.ro\/index.php\/wp-json\/wp\/v2\/types\/post"}],"author":[{"embeddable":true,"href":"http:\/\/ccpascani.ro\/index.php\/wp-json\/wp\/v2\/users\/4"}],"replies":[{"embeddable":true,"href":"http:\/\/ccpascani.ro\/index.php\/wp-json\/wp\/v2\/comments?post=3556"}],"version-history":[{"count":1,"href":"http:\/\/ccpascani.ro\/index.php\/wp-json\/wp\/v2\/posts\/3556\/revisions"}],"predecessor-version":[{"id":3562,"href":"http:\/\/ccpascani.ro\/index.php\/wp-json\/wp\/v2\/posts\/3556\/revisions\/3562"}],"wp:featuredmedia":[{"embeddable":true,"href":"http:\/\/ccpascani.ro\/index.php\/wp-json\/wp\/v2\/media\/3557"}],"wp:attachment":[{"href":"http:\/\/ccpascani.ro\/index.php\/wp-json\/wp\/v2\/media?parent=3556"}],"wp:term":[{"taxonomy":"category","embeddable":true,"href":"http:\/\/ccpascani.ro\/index.php\/wp-json\/wp\/v2\/categories?post=3556"},{"taxonomy":"post_tag","embeddable":true,"href":"http:\/\/ccpascani.ro\/index.php\/wp-json\/wp\/v2\/tags?post=3556"}],"curies":[{"name":"wp","href":"https:\/\/api.w.org\/{rel}","templated":true}]}}