{"id":1027,"date":"2021-01-18T19:02:45","date_gmt":"2021-01-18T19:02:45","guid":{"rendered":"http:\/\/www.ccpascani.ro\/?p=1027"},"modified":"2021-01-18T19:02:45","modified_gmt":"2021-01-18T19:02:45","slug":"platforma-nationala-de-informare-cu-privire-la-vaccinarea-impotriva-covid-19","status":"publish","type":"post","link":"https:\/\/ccpascani.ro\/index.php\/2021\/01\/18\/platforma-nationala-de-informare-cu-privire-la-vaccinarea-impotriva-covid-19\/","title":{"rendered":"Platforma na\u021bional\u0103 de informare cu privire la vaccinarea \u00eempotriva COVID-19"},"content":{"rendered":"\n<p>Este foarte important s\u0103 ne inform\u0103m din surse de \u00eencredere pentru clarificarea \u00eentreb\u0103rilor legate de campania de vaccinare ce se desf\u0103\u0219oar\u0103 \u00een aceast\u0103 perioad\u0103 \u00een Rom\u00e2nia \u0219i de beneficiile vaccin\u0103rii \u00eempotriva COVID-19.<br>V\u0103 invit\u0103m s\u0103 accesa\u021bi platforma:<a href=\"https:\/\/vaccinare-covid.gov.ro\/\">\u00a0https:\/\/vaccinare-covid.gov.ro\/<\/a>, unde ve\u021bi g\u0103si toate informa\u021biile oficiale actualizate privind vaccinarea \u00eempotriva virusului SARS-CoV-2. <\/p>\n\n\n\n<figure class=\"wp-block-image size-large\"><img decoding=\"async\" src=\"https:\/\/www.ccpascani.ro\/wp-content\/uploads\/2021\/01\/vaccin-1024x451.png\" alt=\"\" class=\"wp-image-1029\"\/><\/figure>\n\n\n\n<p>Este prezentat modul \u00een care se autorizeaz\u0103 un vaccin \u00een Europa, cum s-a ajuns la accelerarea&nbsp; dezvolt\u0103rii unui vaccin \u00eempotriva SARS CoV-2, care sunt vaccinurile candidate, dar \u0219i grupurile prioritare pentru vaccinare, precum \u0219i de ce ar trebui s\u0103 ne vaccin\u0103m \u00eempotriva SARS-CoV-2.<\/p>\n\n\n\n<p>Platforma pune la dispozi\u021bia publicului larg informa\u021bii oficiale despre vaccinurile candidate anti-COVID-19 \u0219i despre procesul de vaccinare \u00een Rom\u00e2nia, grupurile prioritare pentru vaccinare \u0219i motivele pentru care ar trebui s\u0103 ne vaccin\u0103m \u00eempotriva SARS-CoV-2.<\/p>\n\n\n\n<p><br>Vaccinarea este cea mai sigur\u0103, eficient\u0103 \u0219i rapid\u0103 cale de a reveni la via\u021ba noastr\u0103 de dinainte, pe care ne-o dorim cu to\u021bii.<\/p>\n","protected":false},"excerpt":{"rendered":"<p>Este foarte important s\u0103 ne inform\u0103m din surse de \u00eencredere pentru clarificarea \u00eentreb\u0103rilor legate de campania de vaccinare ce se desf\u0103\u0219oar\u0103 \u00een aceast\u0103 perioad\u0103 \u00een Rom\u00e2nia \u0219i de beneficiile vaccin\u0103rii \u00eempotriva COVID-19.V\u0103 invit\u0103m s\u0103 accesa\u021bi platforma:\u00a0https:\/\/vaccinare-covid.gov.ro\/, unde ve\u021bi g\u0103si toate informa\u021biile oficiale actualizate privind vaccinarea \u00eempotriva virusului SARS-CoV-2. Este prezentat modul \u00een care se autorizeaz\u0103 [&hellip;]<\/p>\n","protected":false},"author":2,"featured_media":1029,"comment_status":"open","ping_status":"open","sticky":false,"template":"","format":"standard","meta":{"footnotes":""},"categories":[69],"tags":[75],"class_list":["post-1027","post","type-post","status-publish","format-standard","has-post-thumbnail","hentry","category-noutati","tag-vaccin"],"_links":{"self":[{"href":"https:\/\/ccpascani.ro\/index.php\/wp-json\/wp\/v2\/posts\/1027","targetHints":{"allow":["GET"]}}],"collection":[{"href":"https:\/\/ccpascani.ro\/index.php\/wp-json\/wp\/v2\/posts"}],"about":[{"href":"https:\/\/ccpascani.ro\/index.php\/wp-json\/wp\/v2\/types\/post"}],"author":[{"embeddable":true,"href":"https:\/\/ccpascani.ro\/index.php\/wp-json\/wp\/v2\/users\/2"}],"replies":[{"embeddable":true,"href":"https:\/\/ccpascani.ro\/index.php\/wp-json\/wp\/v2\/comments?post=1027"}],"version-history":[{"count":0,"href":"https:\/\/ccpascani.ro\/index.php\/wp-json\/wp\/v2\/posts\/1027\/revisions"}],"wp:featuredmedia":[{"embeddable":true,"href":"https:\/\/ccpascani.ro\/index.php\/wp-json\/"}],"wp:attachment":[{"href":"https:\/\/ccpascani.ro\/index.php\/wp-json\/wp\/v2\/media?parent=1027"}],"wp:term":[{"taxonomy":"category","embeddable":true,"href":"https:\/\/ccpascani.ro\/index.php\/wp-json\/wp\/v2\/categories?post=1027"},{"taxonomy":"post_tag","embeddable":true,"href":"https:\/\/ccpascani.ro\/index.php\/wp-json\/wp\/v2\/tags?post=1027"}],"curies":[{"name":"wp","href":"https:\/\/api.w.org\/{rel}","templated":true}]}}