{"id":2854,"date":"2022-10-04T07:16:19","date_gmt":"2022-10-04T07:16:19","guid":{"rendered":"https:\/\/ccpascani.ro\/?p=2854"},"modified":"2023-11-09T11:17:37","modified_gmt":"2023-11-09T11:17:37","slug":"saptamana-europeana-a-sportului-in-romania-sarbatorita-si-la-clubul-copiilor-pascani","status":"publish","type":"post","link":"https:\/\/ccpascani.ro\/index.php\/2022\/10\/04\/saptamana-europeana-a-sportului-in-romania-sarbatorita-si-la-clubul-copiilor-pascani\/","title":{"rendered":"S\u0103pt\u0103m\u00e2na European\u0103 a Sportului \u00een Romania s\u0103rb\u0103torit\u0103 \u0219i la Clubul Copiilor Pa\u0219cani"},"content":{"rendered":"<div dir=\"auto\">\u00a0 \u00a0 \u00a0 <img fetchpriority=\"high\" decoding=\"async\" class=\"alignnone size-medium wp-image-2855\" src=\"http:\/\/ccpascani.ro\/wp-content\/uploads\/2022\/10\/WhatsApp-Image-2022-09-27-at-2.52.48-PM-1-300x225.jpeg\" alt=\"\" width=\"300\" height=\"225\" srcset=\"https:\/\/ccpascani.ro\/wp-content\/uploads\/2022\/10\/WhatsApp-Image-2022-09-27-at-2.52.48-PM-1-300x225.jpeg 300w, https:\/\/ccpascani.ro\/wp-content\/uploads\/2022\/10\/WhatsApp-Image-2022-09-27-at-2.52.48-PM-1-1024x768.jpeg 1024w, https:\/\/ccpascani.ro\/wp-content\/uploads\/2022\/10\/WhatsApp-Image-2022-09-27-at-2.52.48-PM-1-768x576.jpeg 768w, https:\/\/ccpascani.ro\/wp-content\/uploads\/2022\/10\/WhatsApp-Image-2022-09-27-at-2.52.48-PM-1-1536x1152.jpeg 1536w, https:\/\/ccpascani.ro\/wp-content\/uploads\/2022\/10\/WhatsApp-Image-2022-09-27-at-2.52.48-PM-1.jpeg 2048w\" sizes=\"(max-width: 300px) 100vw, 300px\" \/> <img decoding=\"async\" class=\"alignnone size-medium wp-image-2856\" src=\"http:\/\/ccpascani.ro\/wp-content\/uploads\/2022\/10\/WhatsApp-Image-2022-09-27-at-2.52.48-PM-300x225.jpeg\" alt=\"\" width=\"300\" height=\"225\" srcset=\"https:\/\/ccpascani.ro\/wp-content\/uploads\/2022\/10\/WhatsApp-Image-2022-09-27-at-2.52.48-PM-300x225.jpeg 300w, https:\/\/ccpascani.ro\/wp-content\/uploads\/2022\/10\/WhatsApp-Image-2022-09-27-at-2.52.48-PM-1024x768.jpeg 1024w, https:\/\/ccpascani.ro\/wp-content\/uploads\/2022\/10\/WhatsApp-Image-2022-09-27-at-2.52.48-PM-768x576.jpeg 768w, https:\/\/ccpascani.ro\/wp-content\/uploads\/2022\/10\/WhatsApp-Image-2022-09-27-at-2.52.48-PM-1536x1152.jpeg 1536w, https:\/\/ccpascani.ro\/wp-content\/uploads\/2022\/10\/WhatsApp-Image-2022-09-27-at-2.52.48-PM.jpeg 2048w\" sizes=\"(max-width: 300px) 100vw, 300px\" \/><\/div>\n<div dir=\"auto\">\u00a0 \u00a0 \u00cen perioada 23-30 septembrie 2022 este promovat\u0103 S\u0103pt\u0103m\u00e2na European\u0103 a Sportului \u00een Romania, un eveniment care este organizat de Comisia European\u0103, menit\u0103 s\u0103 promoveze sportul \u0219i activitatea fizic\u0103 \u00een \u00eentreaga Europ\u0103 sub motto-ul <a class=\"qi72231t nu7423ey n3hqoq4p r86q59rh b3qcqh3k fq87ekyn bdao358l fsf7x5fv rse6dlih s5oniofx m8h3af8h l7ghb35v kjdc1dyq kmwttqpk srn514ro oxkhqvkx rl78xhln nch0832m cr00lzj9 rn8ck1ys s3jn8y49 icdlwmnq cxfqmxzd d1w2l3lo tes86rjd\" role=\"link\" href=\"https:\/\/www.facebook.com\/hashtag\/beactive?__eep__=6&amp;__cft__[0]=AZVqeHRz03OokUZ90u1_0D1OqTRTz020sDhwp6M7DzcujghhDY1_l3abpZ0HGxlNLhXYyRKwSqwTZO5ixkVS7O-yAslIBjdKTz3OvaqwyATFUf3ieKhnxy3HfgoxKfXD2o7vKPOZdT2vCBKJPQxq7kRxxMlt44yDedXPbMDkye9FmIZczHzrOiLyrD4-aWrrlG4&amp;__tn__=*NK-R\">#BeActive<\/a>.<\/div>\n<div dir=\"auto\"><span class=\"fxk3tzhb b2rh1bv3 gh55jysx m8h3af8h ewco64xe kjdc1dyq ms56khn7 bq6c9xl4 eohcrkr5 akh3l2rg\">\u00a0 \u00a0 \u00a0 <\/span>Proiectul Romania Be Active are ca obiectiv con\u0219tientizarea importan\u021bei unui stil de via\u021b\u0103 activ pentru toat\u0103 lumea \u0219i este conceput s\u0103 le ofere oamenilor un impuls c\u0103tre o via\u021ba mai activ\u0103.<\/div>\n<div dir=\"auto\">\u021ainta noastr\u0103 \u00een aceast\u0103 s\u0103pt\u0103m\u00e2n\u0103 a fost s\u0103 promov\u0103m activit\u0103\u021bile fizice \u0219i s\u0103n\u0103tatea prin sport. \u00cen S\u0103pt\u0103m\u00e2na European\u0103 a Sportului, dorim astfel s\u0103 \u00eencuraj\u0103m pe toat\u0103 lumea, indiferent de v\u00e2rst\u0103, s\u0103 aleag\u0103 un stil de via\u021b\u0103 bazat pe mi\u0219care zilnic\u0103.<\/div>\n","protected":false},"excerpt":{"rendered":"<p>\u00a0 \u00a0 \u00a0 \u00a0 \u00a0 \u00cen perioada 23-30 septembrie 2022 este promovat\u0103 S\u0103pt\u0103m\u00e2na European\u0103 a Sportului \u00een Romania, un eveniment care este organizat de Comisia European\u0103, menit\u0103 s\u0103 promoveze sportul \u0219i activitatea fizic\u0103 \u00een \u00eentreaga Europ\u0103 sub motto-ul #BeActive. \u00a0 \u00a0 \u00a0 Proiectul Romania Be Active are ca obiectiv con\u0219tientizarea importan\u021bei unui stil de via\u021b\u0103 [&hellip;]<\/p>\n","protected":false},"author":4,"featured_media":2350,"comment_status":"open","ping_status":"open","sticky":false,"template":"","format":"standard","meta":{"footnotes":""},"categories":[72],"tags":[94],"class_list":["post-2854","post","type-post","status-publish","format-standard","has-post-thumbnail","hentry","category-sah","tag-sah"],"_links":{"self":[{"href":"https:\/\/ccpascani.ro\/index.php\/wp-json\/wp\/v2\/posts\/2854","targetHints":{"allow":["GET"]}}],"collection":[{"href":"https:\/\/ccpascani.ro\/index.php\/wp-json\/wp\/v2\/posts"}],"about":[{"href":"https:\/\/ccpascani.ro\/index.php\/wp-json\/wp\/v2\/types\/post"}],"author":[{"embeddable":true,"href":"https:\/\/ccpascani.ro\/index.php\/wp-json\/wp\/v2\/users\/4"}],"replies":[{"embeddable":true,"href":"https:\/\/ccpascani.ro\/index.php\/wp-json\/wp\/v2\/comments?post=2854"}],"version-history":[{"count":1,"href":"https:\/\/ccpascani.ro\/index.php\/wp-json\/wp\/v2\/posts\/2854\/revisions"}],"predecessor-version":[{"id":2857,"href":"https:\/\/ccpascani.ro\/index.php\/wp-json\/wp\/v2\/posts\/2854\/revisions\/2857"}],"wp:featuredmedia":[{"embeddable":true,"href":"https:\/\/ccpascani.ro\/index.php\/wp-json\/wp\/v2\/media\/2350"}],"wp:attachment":[{"href":"https:\/\/ccpascani.ro\/index.php\/wp-json\/wp\/v2\/media?parent=2854"}],"wp:term":[{"taxonomy":"category","embeddable":true,"href":"https:\/\/ccpascani.ro\/index.php\/wp-json\/wp\/v2\/categories?post=2854"},{"taxonomy":"post_tag","embeddable":true,"href":"https:\/\/ccpascani.ro\/index.php\/wp-json\/wp\/v2\/tags?post=2854"}],"curies":[{"name":"wp","href":"https:\/\/api.w.org\/{rel}","templated":true}]}}