{"id":3174,"date":"2023-11-14T15:57:43","date_gmt":"2023-11-14T15:57:43","guid":{"rendered":"https:\/\/ccpascani.ro\/?p=3174"},"modified":"2023-11-15T00:32:40","modified_gmt":"2023-11-15T00:32:40","slug":"spectacol-de-ziua-nationala-a-romaniei-pe-24-noiembrie-la-clubul-copiilor-pascani","status":"publish","type":"post","link":"https:\/\/ccpascani.ro\/index.php\/2023\/11\/14\/spectacol-de-ziua-nationala-a-romaniei-pe-24-noiembrie-la-clubul-copiilor-pascani\/","title":{"rendered":"Spectacol de Ziua Na\u021bional\u0103 a Rom\u00e2niei pe 24 noiembrie, la Clubul Copiilor Pa\u0219cani"},"content":{"rendered":"<p><strong><span style=\"vertical-align: inherit;\"><span style=\"vertical-align: inherit;\"><span style=\"vertical-align: inherit;\"><span style=\"vertical-align: inherit;\">Ziua Na\u021bional\u0103 a Rom\u00e2niei va fi s\u0103rb\u0103torit\u0103 \u00een avans la Clubul Copiilor din municipiul Pa\u0219cani. <\/span><\/span><\/span><span style=\"vertical-align: inherit;\"><span style=\"vertical-align: inherit;\"><span style=\"vertical-align: inherit;\">Vineri, 24 noiembrie, de la ora 15:00, va avea loc spectacolul elevilor care frecventeaz\u0103 cursurile institu\u021biei.<\/span><\/span><\/span><\/span><\/strong><\/p>\n<p><span style=\"vertical-align: inherit;\"><span style=\"vertical-align: inherit;\"><span style=\"vertical-align: inherit;\"><span style=\"vertical-align: inherit;\">Sub motto-ul \u201eRom\u00e2n \u00een c\u00e2ntec \u0219i-n sim\u021biri\u201d, vor avea loc diferite momente autentice tradi\u021bionale, cu ocazia s\u0103rb\u0103torii na\u021bionale.<\/span><\/span><\/span><\/span><\/p>\n<p><span style=\"vertical-align: inherit;\"><span style=\"vertical-align: inherit;\"><span style=\"vertical-align: inherit;\"><span style=\"vertical-align: inherit;\">De precizat este faptul c\u0103 \u00een acest an Ziua Na\u021bional\u0103, marcat\u0103 pe 1 decembrie, pic \u00een cursul s\u0103pt\u0103m\u00e2nii, \u00eentr-o zi de vineri \u0219i este declarat\u0103 zi liber\u0103. <\/span><\/span><\/span><span style=\"vertical-align: inherit;\"><span style=\"vertical-align: inherit;\"><span style=\"vertical-align: inherit;\">Acela\u0219i statul \u00eel are \u0219i s\u0103rb\u0103toarea de Sf\u00e2ntul Andrei, joi, 30 noiembrie. <\/span><\/span><\/span><span style=\"vertical-align: inherit;\"><span style=\"vertical-align: inherit;\"><span style=\"vertical-align: inherit;\">Astfel c\u0103, \u00een aceast\u0103 activitate elevii dar \u0219i angaja\u021bii vor avea o minivacan\u021b\u0103, programul din ultima zi din noiembrie \u0219i p\u00e2n\u0103 pe 4 decembrie.<\/span><\/span><\/span><\/span><\/p>\n<p><iframe title=\"\u0218TIRILE BIT TV - SPECTACOL DE ZIUA NA\u021aIONAL\u0102, LA CLUBUL COPIILOR PA\u0218CANI\" width=\"1140\" height=\"641\" src=\"https:\/\/www.youtube.com\/embed\/xq3XJygnPnY?feature=oembed\" frameborder=\"0\" allow=\"accelerometer; autoplay; clipboard-write; encrypted-media; gyroscope; picture-in-picture; web-share\" allowfullscreen><\/iframe><\/p>\n<p><span style=\"vertical-align: inherit;\"><span style=\"vertical-align: inherit;\"><span style=\"vertical-align: inherit;\"><span style=\"vertical-align: inherit;\">SURSA : BITTV.INFO<\/span><\/span><\/span><\/span><\/p>\n","protected":false},"excerpt":{"rendered":"<p>Ziua Na\u021bional\u0103 a Rom\u00e2niei va fi s\u0103rb\u0103torit\u0103 \u00een avans la Clubul Copiilor din municipiul Pa\u0219cani. Vineri, 24 noiembrie, de la ora 15:00, va avea loc spectacolul elevilor care frecventeaz\u0103 cursurile institu\u021biei. Sub motto-ul \u201eRom\u00e2n \u00een c\u00e2ntec \u0219i-n sim\u021biri\u201d, vor avea loc diferite momente autentice tradi\u021bionale, cu ocazia s\u0103rb\u0103torii na\u021bionale. De precizat este faptul c\u0103 \u00een [&hellip;]<\/p>\n","protected":false},"author":4,"featured_media":3171,"comment_status":"open","ping_status":"open","sticky":false,"template":"","format":"standard","meta":{"footnotes":""},"categories":[70],"tags":[],"class_list":["post-3174","post","type-post","status-publish","format-standard","has-post-thumbnail","hentry","category-activitati-extrascolare"],"_links":{"self":[{"href":"https:\/\/ccpascani.ro\/index.php\/wp-json\/wp\/v2\/posts\/3174","targetHints":{"allow":["GET"]}}],"collection":[{"href":"https:\/\/ccpascani.ro\/index.php\/wp-json\/wp\/v2\/posts"}],"about":[{"href":"https:\/\/ccpascani.ro\/index.php\/wp-json\/wp\/v2\/types\/post"}],"author":[{"embeddable":true,"href":"https:\/\/ccpascani.ro\/index.php\/wp-json\/wp\/v2\/users\/4"}],"replies":[{"embeddable":true,"href":"https:\/\/ccpascani.ro\/index.php\/wp-json\/wp\/v2\/comments?post=3174"}],"version-history":[{"count":3,"href":"https:\/\/ccpascani.ro\/index.php\/wp-json\/wp\/v2\/posts\/3174\/revisions"}],"predecessor-version":[{"id":3177,"href":"https:\/\/ccpascani.ro\/index.php\/wp-json\/wp\/v2\/posts\/3174\/revisions\/3177"}],"wp:featuredmedia":[{"embeddable":true,"href":"https:\/\/ccpascani.ro\/index.php\/wp-json\/wp\/v2\/media\/3171"}],"wp:attachment":[{"href":"https:\/\/ccpascani.ro\/index.php\/wp-json\/wp\/v2\/media?parent=3174"}],"wp:term":[{"taxonomy":"category","embeddable":true,"href":"https:\/\/ccpascani.ro\/index.php\/wp-json\/wp\/v2\/categories?post=3174"},{"taxonomy":"post_tag","embeddable":true,"href":"https:\/\/ccpascani.ro\/index.php\/wp-json\/wp\/v2\/tags?post=3174"}],"curies":[{"name":"wp","href":"https:\/\/api.w.org\/{rel}","templated":true}]}}