{"id":3917,"date":"2025-10-20T09:29:58","date_gmt":"2025-10-20T09:29:58","guid":{"rendered":"https:\/\/ccpascani.ro\/?p=3917"},"modified":"2025-10-20T09:30:21","modified_gmt":"2025-10-20T09:30:21","slug":"festival-concurs-curcubeul-artelor-la-casa-de-cultura-pascani","status":"publish","type":"post","link":"https:\/\/ccpascani.ro\/index.php\/2025\/10\/20\/festival-concurs-curcubeul-artelor-la-casa-de-cultura-pascani\/","title":{"rendered":"Festival Concurs &#8220;Curcubeul Artelor&#8221; la Casa De Cultura Pascani"},"content":{"rendered":"<div dir=\"auto\"><img fetchpriority=\"high\" decoding=\"async\" class=\"alignnone size-medium wp-image-3921\" src=\"http:\/\/ccpascani.ro\/wp-content\/uploads\/2025\/10\/566238393_24924011663928739_2100573272596181667_n-169x300.jpg\" alt=\"\" width=\"169\" height=\"300\" srcset=\"https:\/\/ccpascani.ro\/wp-content\/uploads\/2025\/10\/566238393_24924011663928739_2100573272596181667_n-169x300.jpg 169w, https:\/\/ccpascani.ro\/wp-content\/uploads\/2025\/10\/566238393_24924011663928739_2100573272596181667_n-576x1024.jpg 576w, https:\/\/ccpascani.ro\/wp-content\/uploads\/2025\/10\/566238393_24924011663928739_2100573272596181667_n-768x1365.jpg 768w, https:\/\/ccpascani.ro\/wp-content\/uploads\/2025\/10\/566238393_24924011663928739_2100573272596181667_n-864x1536.jpg 864w, https:\/\/ccpascani.ro\/wp-content\/uploads\/2025\/10\/566238393_24924011663928739_2100573272596181667_n.jpg 1152w\" sizes=\"(max-width: 169px) 100vw, 169px\" \/><img decoding=\"async\" class=\"alignnone wp-image-3922\" src=\"http:\/\/ccpascani.ro\/wp-content\/uploads\/2025\/10\/514285389_24924009917262247_1249100734862547450_n-300x202.jpg\" alt=\"\" width=\"443\" height=\"298\" srcset=\"https:\/\/ccpascani.ro\/wp-content\/uploads\/2025\/10\/514285389_24924009917262247_1249100734862547450_n-300x202.jpg 300w, https:\/\/ccpascani.ro\/wp-content\/uploads\/2025\/10\/514285389_24924009917262247_1249100734862547450_n-1024x691.jpg 1024w, https:\/\/ccpascani.ro\/wp-content\/uploads\/2025\/10\/514285389_24924009917262247_1249100734862547450_n-768x518.jpg 768w, https:\/\/ccpascani.ro\/wp-content\/uploads\/2025\/10\/514285389_24924009917262247_1249100734862547450_n-1536x1036.jpg 1536w, https:\/\/ccpascani.ro\/wp-content\/uploads\/2025\/10\/514285389_24924009917262247_1249100734862547450_n.jpg 1600w\" sizes=\"(max-width: 443px) 100vw, 443px\" \/><\/div>\n<div dir=\"auto\"><span dir=\"auto\" style=\"vertical-align: inherit;\"><span dir=\"auto\" style=\"vertical-align: inherit;\">PREMIUL I &#8211; 19.10.2025, Festivalul Concurs &#8220;Curcubeul Artelor&#8221; la <\/span><\/span><span class=\"html-span xdj266r x14z9mp xat24cr x1lziwak xexx8yu xyri2b x18d9i69 x1c1uobl x1hl2dhg x16tdsg8 x1vvkbs\"><a class=\"x1i10hfl xjbqb8w x1ejq31n x18oe1m7 x1sy0etr xstzfhl x972fbf x10w94by x1qhh985 x14e42zd x9f619 x1ypdohk xt0psk2 x3ct3a4 xdj266r x14z9mp xat24cr x1lziwak xexx8yu xyri2b x18d9i69 x1c1uobl x16tdsg8 x1hl2dhg xggy1nq x1a2a7pz xkrqix3 x1sur9pj x1fey0fg x1s688f\" tabindex=\"0\" role=\"link\" href=\"https:\/\/www.facebook.com\/casadeculturapascani?__cft__[0]=AZWWrx3xeWmVEuFGbm3ENhD3BLfJ5LlYuNeykusgUydMeuEouv9OJ7a7q4c3jJD7AZl8BHtay67kXbDrq8P_Dju53FrY3K-Yj51pb-CstPf9urV7mXlO2KvciDwly2Y6S1MiVf8WVCxqszfg2722XdglACBB_NyOGLsMn9zD6Wt0Tw&amp;__tn__=-]K-R\"><span class=\"xt0psk2\"><span class=\"xjp7ctv\"><span dir=\"auto\" style=\"vertical-align: inherit;\"><span dir=\"auto\" style=\"vertical-align: inherit;\">Casa De Cultura Pascani<\/span><\/span><\/span><\/span><\/a><\/span><\/div>\n<div dir=\"auto\"><img decoding=\"async\" class=\"alignnone wp-image-3920\" src=\"http:\/\/ccpascani.ro\/wp-content\/uploads\/2025\/10\/565119461_24924012663928639_3712004856444558153_n-300x169.jpg\" alt=\"\" width=\"528\" height=\"297\" srcset=\"https:\/\/ccpascani.ro\/wp-content\/uploads\/2025\/10\/565119461_24924012663928639_3712004856444558153_n-300x169.jpg 300w, https:\/\/ccpascani.ro\/wp-content\/uploads\/2025\/10\/565119461_24924012663928639_3712004856444558153_n-1024x577.jpg 1024w, https:\/\/ccpascani.ro\/wp-content\/uploads\/2025\/10\/565119461_24924012663928639_3712004856444558153_n-768x432.jpg 768w, https:\/\/ccpascani.ro\/wp-content\/uploads\/2025\/10\/565119461_24924012663928639_3712004856444558153_n-1536x865.jpg 1536w, https:\/\/ccpascani.ro\/wp-content\/uploads\/2025\/10\/565119461_24924012663928639_3712004856444558153_n.jpg 2048w\" sizes=\"(max-width: 528px) 100vw, 528px\" \/><\/div>\n<div dir=\"auto\"><span dir=\"auto\" style=\"vertical-align: inherit;\"><span dir=\"auto\" style=\"vertical-align: inherit;\">Copii talenta\u021bi \u0219i muncitori \u0219i p\u0103rin\u021bi implica\u021bi ,v\u0103 mul\u021bumesc din tot sufletul!!! <\/span><span class=\"html-span xdj266r x14z9mp xat24cr x1lziwak xexx8yu xyri2b x18d9i69 x1c1uobl x1hl2dhg x16tdsg8 x1vvkbs\"><a class=\"x1i10hfl xjbqb8w x1ejq31n x18oe1m7 x1sy0etr xstzfhl x972fbf x10w94by x1qhh985 x14e42zd x9f619 x1ypdohk xt0psk2 x3ct3a4 xdj266r x14z9mp xat24cr x1lziwak xexx8yu xyri2b x18d9i69 x1c1uobl x16tdsg8 x1hl2dhg xggy1nq x1a2a7pz xkrqix3 x1sur9pj x1fey0fg x1s688f\" tabindex=\"0\" role=\"link\" href=\"https:\/\/www.facebook.com\/groups\/1721505698096030\/?__cft__[0]=AZWWrx3xeWmVEuFGbm3ENhD3BLfJ5LlYuNeykusgUydMeuEouv9OJ7a7q4c3jJD7AZl8BHtay67kXbDrq8P_Dju53FrY3K-Yj51pb-CstPf9urV7mXlO2KvciDwly2Y6S1MiVf8WVCxqszfg2722XdglACBB_NyOGLsMn9zD6Wt0Tw&amp;__tn__=-UK-R\"><span class=\"xt0psk2\"><span class=\"xjp7ctv\"><span dir=\"auto\" style=\"vertical-align: inherit;\">Clubul Copiilor Pa\u015fcani<\/span><\/span><\/span><\/a><\/span><\/span><span class=\"html-span xexx8yu xyri2b x18d9i69 x1c1uobl x1hl2dhg x16tdsg8 x1vvkbs x3nfvp2 x1j61x8r x1fcty0u xdj266r xat24cr xm2jcoa x1mpyi22 xxymvpz xlup9mm x1kky2od\"><img loading=\"lazy\" decoding=\"async\" class=\"xz74otr x15mokao x1ga7v0g x16uus16 xbiv7yw\" src=\"https:\/\/static.xx.fbcdn.net\/images\/emoji.php\/v9\/tea\/1\/16\/1f970.png\" alt=\"\ud83e\udd70\" width=\"16\" height=\"16\" \/><\/span><span class=\"html-span xexx8yu xyri2b x18d9i69 x1c1uobl x1hl2dhg x16tdsg8 x1vvkbs x3nfvp2 x1j61x8r x1fcty0u xdj266r xat24cr xm2jcoa x1mpyi22 xxymvpz xlup9mm x1kky2od\"><img loading=\"lazy\" decoding=\"async\" class=\"xz74otr x15mokao x1ga7v0g x16uus16 xbiv7yw\" src=\"https:\/\/static.xx.fbcdn.net\/images\/emoji.php\/v9\/t6c\/1\/16\/2764.png\" alt=\"\u2764\" width=\"16\" height=\"16\" \/><\/span><\/div>\n<div dir=\"auto\"><\/div>\n<div dir=\"auto\">\n<div dir=\"auto\"><img loading=\"lazy\" decoding=\"async\" class=\"alignnone size-medium wp-image-3918\" src=\"http:\/\/ccpascani.ro\/wp-content\/uploads\/2025\/10\/566228013_1439462120447420_2067062034269113489_n-225x300.jpg\" alt=\"\" width=\"225\" height=\"300\" srcset=\"https:\/\/ccpascani.ro\/wp-content\/uploads\/2025\/10\/566228013_1439462120447420_2067062034269113489_n-225x300.jpg 225w, https:\/\/ccpascani.ro\/wp-content\/uploads\/2025\/10\/566228013_1439462120447420_2067062034269113489_n-768x1024.jpg 768w, https:\/\/ccpascani.ro\/wp-content\/uploads\/2025\/10\/566228013_1439462120447420_2067062034269113489_n-1152x1536.jpg 1152w, https:\/\/ccpascani.ro\/wp-content\/uploads\/2025\/10\/566228013_1439462120447420_2067062034269113489_n.jpg 1200w\" sizes=\"(max-width: 225px) 100vw, 225px\" \/> <img loading=\"lazy\" decoding=\"async\" class=\"alignnone size-medium wp-image-3919\" src=\"http:\/\/ccpascani.ro\/wp-content\/uploads\/2025\/10\/565838386_1439462130447419_240434465780971301_n-300x300.jpg\" alt=\"\" width=\"300\" height=\"300\" srcset=\"https:\/\/ccpascani.ro\/wp-content\/uploads\/2025\/10\/565838386_1439462130447419_240434465780971301_n-300x300.jpg 300w, https:\/\/ccpascani.ro\/wp-content\/uploads\/2025\/10\/565838386_1439462130447419_240434465780971301_n-1024x1024.jpg 1024w, https:\/\/ccpascani.ro\/wp-content\/uploads\/2025\/10\/565838386_1439462130447419_240434465780971301_n-150x150.jpg 150w, https:\/\/ccpascani.ro\/wp-content\/uploads\/2025\/10\/565838386_1439462130447419_240434465780971301_n-768x768.jpg 768w, https:\/\/ccpascani.ro\/wp-content\/uploads\/2025\/10\/565838386_1439462130447419_240434465780971301_n-1536x1536.jpg 1536w, https:\/\/ccpascani.ro\/wp-content\/uploads\/2025\/10\/565838386_1439462130447419_240434465780971301_n-80x80.jpg 80w, https:\/\/ccpascani.ro\/wp-content\/uploads\/2025\/10\/565838386_1439462130447419_240434465780971301_n-45x45.jpg 45w, https:\/\/ccpascani.ro\/wp-content\/uploads\/2025\/10\/565838386_1439462130447419_240434465780971301_n-60x60.jpg 60w, https:\/\/ccpascani.ro\/wp-content\/uploads\/2025\/10\/565838386_1439462130447419_240434465780971301_n.jpg 1600w\" sizes=\"(max-width: 300px) 100vw, 300px\" \/><\/div>\n<div dir=\"auto\"><\/div>\n<div dir=\"auto\"><span dir=\"auto\" style=\"vertical-align: inherit;\"><span dir=\"auto\" style=\"vertical-align: inherit;\">O experien\u021b\u0103 minunat\u0103 pentru copii, plin\u0103 de emo\u021bie, talent \u0219i bucurie!<\/span><\/span><\/div>\n<div dir=\"auto\"><span dir=\"auto\" style=\"vertical-align: inherit;\"><span dir=\"auto\" style=\"vertical-align: inherit;\">Mul\u021bumim din suflet organizatorilor pentru tot efortul \u0219i implicarea, \u00een mod special domnului Alexandru G\u00e2mbu\u021b\u0103, pentru profesionalism \u0219i dedicare!<\/span><\/span><span class=\"html-span xexx8yu xyri2b x18d9i69 x1c1uobl x1hl2dhg x16tdsg8 x1vvkbs x3nfvp2 x1j61x8r x1fcty0u xdj266r xat24cr xm2jcoa x1mpyi22 xxymvpz xlup9mm x1kky2od\"><img loading=\"lazy\" decoding=\"async\" class=\"xz74otr x15mokao x1ga7v0g x16uus16 xbiv7yw\" src=\"https:\/\/static.xx.fbcdn.net\/images\/emoji.php\/v9\/t80\/1\/16\/1f64f.png\" alt=\"\ud83d\ude4f\" width=\"16\" height=\"16\" \/><\/span><\/div>\n<div dir=\"auto\"><span dir=\"auto\" style=\"vertical-align: inherit;\"><span dir=\"auto\" style=\"vertical-align: inherit;\">Mul\u021bumiri \u0219i p\u0103rin\u021bilor pentru sprijinul constant, Centrului Cultural Ruginoasa pentru oportunitate \u0219i Prim\u0103riei Ruginoasa pentru sus\u021binerea culturii \u0219i a tinerelor talent locale!<\/span><\/span><span class=\"html-span xexx8yu xyri2b x18d9i69 x1c1uobl x1hl2dhg x16tdsg8 x1vvkbs x3nfvp2 x1j61x8r x1fcty0u xdj266r xat24cr xm2jcoa x1mpyi22 xxymvpz xlup9mm x1kky2od\"><img loading=\"lazy\" decoding=\"async\" class=\"xz74otr x15mokao x1ga7v0g x16uus16 xbiv7yw\" src=\"https:\/\/static.xx.fbcdn.net\/images\/emoji.php\/v9\/te3\/1\/16\/1f490.png\" alt=\"\ud83d\udc90\" width=\"16\" height=\"16\" \/><\/span><\/div>\n<div dir=\"auto\"><span dir=\"auto\" style=\"vertical-align: inherit;\"><span dir=\"auto\" style=\"vertical-align: inherit;\">Felicit\u0103ri tuturor copiilor participan\u021bi, a\u021bi fost minuna\u021bi!<\/span><\/span><span class=\"html-span xexx8yu xyri2b x18d9i69 x1c1uobl x1hl2dhg x16tdsg8 x1vvkbs x3nfvp2 x1j61x8r x1fcty0u xdj266r xat24cr xm2jcoa x1mpyi22 xxymvpz xlup9mm x1kky2od\"><img loading=\"lazy\" decoding=\"async\" class=\"xz74otr x15mokao x1ga7v0g x16uus16 xbiv7yw\" src=\"https:\/\/static.xx.fbcdn.net\/images\/emoji.php\/v9\/te0\/1\/16\/1f31f.png\" alt=\"\ud83c\udf1f\" width=\"16\" height=\"16\" \/><\/span><span class=\"html-span xexx8yu xyri2b x18d9i69 x1c1uobl x1hl2dhg x16tdsg8 x1vvkbs x3nfvp2 x1j61x8r x1fcty0u xdj266r xat24cr xm2jcoa x1mpyi22 xxymvpz xlup9mm x1kky2od\"><img loading=\"lazy\" decoding=\"async\" class=\"xz74otr x15mokao x1ga7v0g x16uus16 xbiv7yw\" src=\"https:\/\/static.xx.fbcdn.net\/images\/emoji.php\/v9\/t6c\/1\/16\/2764.png\" alt=\"\u2764\ufe0f\" width=\"16\" height=\"16\" \/><\/span><\/div>\n<\/div>\n","protected":false},"excerpt":{"rendered":"<p>PREMIUL I &#8211; 19.10.2025, Festivalul Concurs &#8220;Curcubeul Artelor&#8221; la Casa De Cultura Pascani Copii talenta\u021bi \u0219i muncitori \u0219i p\u0103rin\u021bi implica\u021bi ,v\u0103 mul\u021bumesc din tot sufletul!!! Clubul Copiilor Pa\u015fcani O experien\u021b\u0103 minunat\u0103 pentru copii, plin\u0103 de emo\u021bie, talent \u0219i bucurie! Mul\u021bumim din suflet organizatorilor pentru tot efortul \u0219i implicarea, \u00een mod special domnului Alexandru G\u00e2mbu\u021b\u0103, pentru [&hellip;]<\/p>\n","protected":false},"author":4,"featured_media":0,"comment_status":"open","ping_status":"open","sticky":false,"template":"","format":"standard","meta":{"footnotes":""},"categories":[88,87,90],"tags":[],"class_list":["post-3917","post","type-post","status-publish","format-standard","hentry","category-dans-contemporan-modern","category-dansuri-populare","category-gimnastica-ritmica"],"_links":{"self":[{"href":"https:\/\/ccpascani.ro\/index.php\/wp-json\/wp\/v2\/posts\/3917","targetHints":{"allow":["GET"]}}],"collection":[{"href":"https:\/\/ccpascani.ro\/index.php\/wp-json\/wp\/v2\/posts"}],"about":[{"href":"https:\/\/ccpascani.ro\/index.php\/wp-json\/wp\/v2\/types\/post"}],"author":[{"embeddable":true,"href":"https:\/\/ccpascani.ro\/index.php\/wp-json\/wp\/v2\/users\/4"}],"replies":[{"embeddable":true,"href":"https:\/\/ccpascani.ro\/index.php\/wp-json\/wp\/v2\/comments?post=3917"}],"version-history":[{"count":2,"href":"https:\/\/ccpascani.ro\/index.php\/wp-json\/wp\/v2\/posts\/3917\/revisions"}],"predecessor-version":[{"id":3924,"href":"https:\/\/ccpascani.ro\/index.php\/wp-json\/wp\/v2\/posts\/3917\/revisions\/3924"}],"wp:attachment":[{"href":"https:\/\/ccpascani.ro\/index.php\/wp-json\/wp\/v2\/media?parent=3917"}],"wp:term":[{"taxonomy":"category","embeddable":true,"href":"https:\/\/ccpascani.ro\/index.php\/wp-json\/wp\/v2\/categories?post=3917"},{"taxonomy":"post_tag","embeddable":true,"href":"https:\/\/ccpascani.ro\/index.php\/wp-json\/wp\/v2\/tags?post=3917"}],"curies":[{"name":"wp","href":"https:\/\/api.w.org\/{rel}","templated":true}]}}