{"id":3946,"date":"2025-12-05T14:37:57","date_gmt":"2025-12-05T14:37:57","guid":{"rendered":"https:\/\/ccpascani.ro\/?p=3946"},"modified":"2025-12-05T14:43:20","modified_gmt":"2025-12-05T14:43:20","slug":"concurs-de-tenis-de-masa-cupa-1-decembrie-clubul-copiilor-pascani","status":"publish","type":"post","link":"https:\/\/ccpascani.ro\/index.php\/2025\/12\/05\/concurs-de-tenis-de-masa-cupa-1-decembrie-clubul-copiilor-pascani\/","title":{"rendered":"Concurs de Tenis de Mas\u0103 \u201eCupa 1 Decembrie\u201d \u2013 Clubul Copiilor Pa\u0219cani"},"content":{"rendered":"<p><span dir=\"auto\" style=\"vertical-align: inherit;\"><span dir=\"auto\" style=\"vertical-align: inherit;\"><img fetchpriority=\"high\" decoding=\"async\" class=\"alignnone size-medium wp-image-3948\" src=\"http:\/\/ccpascani.ro\/wp-content\/uploads\/2025\/12\/e5dea3f0-fd3b-48ae-9df2-dddebcc833c7-300x225.jpeg\" alt=\"\" width=\"300\" height=\"225\" srcset=\"https:\/\/ccpascani.ro\/wp-content\/uploads\/2025\/12\/e5dea3f0-fd3b-48ae-9df2-dddebcc833c7-300x225.jpeg 300w, https:\/\/ccpascani.ro\/wp-content\/uploads\/2025\/12\/e5dea3f0-fd3b-48ae-9df2-dddebcc833c7-1024x768.jpeg 1024w, https:\/\/ccpascani.ro\/wp-content\/uploads\/2025\/12\/e5dea3f0-fd3b-48ae-9df2-dddebcc833c7-768x576.jpeg 768w, https:\/\/ccpascani.ro\/wp-content\/uploads\/2025\/12\/e5dea3f0-fd3b-48ae-9df2-dddebcc833c7-1536x1152.jpeg 1536w, https:\/\/ccpascani.ro\/wp-content\/uploads\/2025\/12\/e5dea3f0-fd3b-48ae-9df2-dddebcc833c7.jpeg 1600w\" sizes=\"(max-width: 300px) 100vw, 300px\" \/> <img decoding=\"async\" class=\"alignnone size-medium wp-image-3949\" src=\"http:\/\/ccpascani.ro\/wp-content\/uploads\/2025\/12\/e180c099-606e-4825-8c54-39983cbf0eb6-300x225.jpeg\" alt=\"\" width=\"300\" height=\"225\" srcset=\"https:\/\/ccpascani.ro\/wp-content\/uploads\/2025\/12\/e180c099-606e-4825-8c54-39983cbf0eb6-300x225.jpeg 300w, https:\/\/ccpascani.ro\/wp-content\/uploads\/2025\/12\/e180c099-606e-4825-8c54-39983cbf0eb6-1024x768.jpeg 1024w, https:\/\/ccpascani.ro\/wp-content\/uploads\/2025\/12\/e180c099-606e-4825-8c54-39983cbf0eb6-768x576.jpeg 768w, https:\/\/ccpascani.ro\/wp-content\/uploads\/2025\/12\/e180c099-606e-4825-8c54-39983cbf0eb6-1536x1152.jpeg 1536w, https:\/\/ccpascani.ro\/wp-content\/uploads\/2025\/12\/e180c099-606e-4825-8c54-39983cbf0eb6.jpeg 1600w\" sizes=\"(max-width: 300px) 100vw, 300px\" \/><\/span><\/span><\/p>\n<p><span dir=\"auto\" style=\"vertical-align: inherit;\"><span dir=\"auto\" style=\"vertical-align: inherit;\">\u00cen data de <\/span><\/span><strong><span dir=\"auto\" style=\"vertical-align: inherit;\"><span dir=\"auto\" style=\"vertical-align: inherit;\">1 Decembrie<\/span><\/span><\/strong><span dir=\"auto\" style=\"vertical-align: inherit;\"><span dir=\"auto\" style=\"vertical-align: inherit;\"> , la <\/span><\/span><strong><span dir=\"auto\" style=\"vertical-align: inherit;\"><span dir=\"auto\" style=\"vertical-align: inherit;\">Clubul Copiilor Pa\u0219cani<\/span><\/span><\/strong><span dir=\"auto\" style=\"vertical-align: inherit;\"><span dir=\"auto\" style=\"vertical-align: inherit;\"> a avut loc <\/span><\/span><strong><span dir=\"auto\" style=\"vertical-align: inherit;\"><span dir=\"auto\" style=\"vertical-align: inherit;\">Concursul local de Tenis de Mas\u0103 \u201eCupa 1 Decembrie\u201d<\/span><\/span><\/strong><span dir=\"auto\" style=\"vertical-align: inherit;\"><span dir=\"auto\" style=\"vertical-align: inherit;\"> , la sala de sport din cadrul compexului sportiv CSM Pascani. Un eveniment dedicat copiilor pasiona\u021bi de acest sport dinamic \u0219i spectaculos. Competi\u021bia sa bucurat de un interes deosebit, reunind un num\u0103r mare de participan\u021bi dornici de afirmare \u0219i performan\u021b\u0103.<\/span><\/span><\/p>\n<p><img decoding=\"async\" class=\"alignnone size-medium wp-image-3950\" src=\"http:\/\/ccpascani.ro\/wp-content\/uploads\/2025\/12\/0d9a042d-1502-4bb3-9b21-b827968725bc-300x225.jpeg\" alt=\"\" width=\"300\" height=\"225\" srcset=\"https:\/\/ccpascani.ro\/wp-content\/uploads\/2025\/12\/0d9a042d-1502-4bb3-9b21-b827968725bc-300x225.jpeg 300w, https:\/\/ccpascani.ro\/wp-content\/uploads\/2025\/12\/0d9a042d-1502-4bb3-9b21-b827968725bc-1024x768.jpeg 1024w, https:\/\/ccpascani.ro\/wp-content\/uploads\/2025\/12\/0d9a042d-1502-4bb3-9b21-b827968725bc-768x576.jpeg 768w, https:\/\/ccpascani.ro\/wp-content\/uploads\/2025\/12\/0d9a042d-1502-4bb3-9b21-b827968725bc-1536x1152.jpeg 1536w, https:\/\/ccpascani.ro\/wp-content\/uploads\/2025\/12\/0d9a042d-1502-4bb3-9b21-b827968725bc.jpeg 1600w\" sizes=\"(max-width: 300px) 100vw, 300px\" \/> <img loading=\"lazy\" decoding=\"async\" class=\"alignnone size-medium wp-image-3951\" src=\"http:\/\/ccpascani.ro\/wp-content\/uploads\/2025\/12\/bfbcd782-2b0f-47ec-9b0c-4414e477a779-300x225.jpeg\" alt=\"\" width=\"300\" height=\"225\" srcset=\"https:\/\/ccpascani.ro\/wp-content\/uploads\/2025\/12\/bfbcd782-2b0f-47ec-9b0c-4414e477a779-300x225.jpeg 300w, https:\/\/ccpascani.ro\/wp-content\/uploads\/2025\/12\/bfbcd782-2b0f-47ec-9b0c-4414e477a779-1024x768.jpeg 1024w, https:\/\/ccpascani.ro\/wp-content\/uploads\/2025\/12\/bfbcd782-2b0f-47ec-9b0c-4414e477a779-768x576.jpeg 768w, https:\/\/ccpascani.ro\/wp-content\/uploads\/2025\/12\/bfbcd782-2b0f-47ec-9b0c-4414e477a779-1536x1152.jpeg 1536w, https:\/\/ccpascani.ro\/wp-content\/uploads\/2025\/12\/bfbcd782-2b0f-47ec-9b0c-4414e477a779.jpeg 1600w\" sizes=\"(max-width: 300px) 100vw, 300px\" \/><\/p>\n<p><span dir=\"auto\" style=\"vertical-align: inherit;\"><span dir=\"auto\" style=\"vertical-align: inherit;\">Organizarea concursului a fost posibil\u0103 cu sprijinul <\/span><\/span><strong><span dir=\"auto\" style=\"vertical-align: inherit;\"><span dir=\"auto\" style=\"vertical-align: inherit;\">Clubului Copiilor Pa\u0219cani<\/span><\/span><\/strong><span dir=\"auto\" style=\"vertical-align: inherit;\"><span dir=\"auto\" style=\"vertical-align: inherit;\"> , dl.director Costel Lupei \u0219i al partenerilor <\/span><\/span><strong><span dir=\"auto\" style=\"vertical-align: inherit;\"><span dir=\"auto\" style=\"vertical-align: inherit;\">CSM Pa\u0219cani<\/span><\/span><\/strong><span dir=\"auto\" style=\"vertical-align: inherit;\"><span dir=\"auto\" style=\"vertical-align: inherit;\"> , <\/span><\/span><strong><span dir=\"auto\" style=\"vertical-align: inherit;\"><span dir=\"auto\" style=\"vertical-align: inherit;\">ACS Viitorul 2017 Pa\u0219cani<\/span><\/span><\/strong><span dir=\"auto\" style=\"vertical-align: inherit;\"><span dir=\"auto\" style=\"vertical-align: inherit;\"> , care au sus\u021binut desf\u0103\u0219urarea acestui eveniment sportiv. Mul\u021bumiri speciale colegiilor care au fost al\u0103turi de noi \u0219i s-au implicat activ \u00een buna organizare a competi\u021biei , membru de consiliu de administra\u021bie T\u00e2rtea Georgiana, consilier educativ Mitric\u0103 Simona, prof. Damian C\u0103t\u0103in, prof. Florin Boboc, prof. Ifrim Radu, prof. Mocanu Mioara, prof. Pan\u021biru Gabriela , prof. Lupu C\u0103t\u0103lin, prof. Benea Cristian, prof. Iacob Otilia, prof. Onu Gheorghi\u021b\u0103, prof. Munteanu Corneliu, prof. Lepciuc Gabriela, prof. P\u0103ltinel \u0218tefan. La acest eveniment au participat \u0219i cativa voluntari : Ilea Miream Alessia \u0219i Mih\u0103ic\u0103 Adelina Francesca .<\/span><\/span><\/p>\n<p><img loading=\"lazy\" decoding=\"async\" class=\"alignnone size-medium wp-image-3955\" src=\"http:\/\/ccpascani.ro\/wp-content\/uploads\/2025\/12\/32d3489b-6c06-4f34-a789-7def78f7d98a-300x225.jpeg\" alt=\"\" width=\"300\" height=\"225\" srcset=\"https:\/\/ccpascani.ro\/wp-content\/uploads\/2025\/12\/32d3489b-6c06-4f34-a789-7def78f7d98a-300x225.jpeg 300w, https:\/\/ccpascani.ro\/wp-content\/uploads\/2025\/12\/32d3489b-6c06-4f34-a789-7def78f7d98a-1024x768.jpeg 1024w, https:\/\/ccpascani.ro\/wp-content\/uploads\/2025\/12\/32d3489b-6c06-4f34-a789-7def78f7d98a-768x576.jpeg 768w, https:\/\/ccpascani.ro\/wp-content\/uploads\/2025\/12\/32d3489b-6c06-4f34-a789-7def78f7d98a-1536x1152.jpeg 1536w, https:\/\/ccpascani.ro\/wp-content\/uploads\/2025\/12\/32d3489b-6c06-4f34-a789-7def78f7d98a.jpeg 1600w\" sizes=\"(max-width: 300px) 100vw, 300px\" \/> <img loading=\"lazy\" decoding=\"async\" class=\"alignnone size-medium wp-image-3956\" src=\"http:\/\/ccpascani.ro\/wp-content\/uploads\/2025\/12\/5d92dc3b-0f52-4e6b-9f3e-941d070ab846-300x225.jpeg\" alt=\"\" width=\"300\" height=\"225\" srcset=\"https:\/\/ccpascani.ro\/wp-content\/uploads\/2025\/12\/5d92dc3b-0f52-4e6b-9f3e-941d070ab846-300x225.jpeg 300w, https:\/\/ccpascani.ro\/wp-content\/uploads\/2025\/12\/5d92dc3b-0f52-4e6b-9f3e-941d070ab846-1024x768.jpeg 1024w, https:\/\/ccpascani.ro\/wp-content\/uploads\/2025\/12\/5d92dc3b-0f52-4e6b-9f3e-941d070ab846-768x576.jpeg 768w, https:\/\/ccpascani.ro\/wp-content\/uploads\/2025\/12\/5d92dc3b-0f52-4e6b-9f3e-941d070ab846-1536x1152.jpeg 1536w, https:\/\/ccpascani.ro\/wp-content\/uploads\/2025\/12\/5d92dc3b-0f52-4e6b-9f3e-941d070ab846.jpeg 1600w\" sizes=\"(max-width: 300px) 100vw, 300px\" \/><\/p>\n<p><span dir=\"auto\" style=\"vertical-align: inherit;\"><span dir=\"auto\" style=\"vertical-align: inherit;\">Competi\u021bia sa desf\u0103\u0219urat pe <\/span><\/span><strong><span dir=\"auto\" style=\"vertical-align: inherit;\"><span dir=\"auto\" style=\"vertical-align: inherit;\">cinci categorii de v\u00e2rst\u0103<\/span><\/span><\/strong><span dir=\"auto\" style=\"vertical-align: inherit;\"><span dir=\"auto\" style=\"vertical-align: inherit;\"> : <\/span><\/span><strong><span dir=\"auto\" style=\"vertical-align: inherit;\"><span dir=\"auto\" style=\"vertical-align: inherit;\">Categoria I \u2013 9\u201310 ani, Categoria II \u2013 11\u201312 ani, Categoria III \u2013 13\u201314 ani, Categoria IV \u2013 15\u201316 ani \u0219i Categoria V \u2013 17\u201319 ani<\/span><\/span><\/strong><span dir=\"auto\" style=\"vertical-align: inherit;\"><span dir=\"auto\" style=\"vertical-align: inherit;\"> , oferind prietenului copiilor \u0219i adolescen\u021bilor oportunitatea de a-\u0219i demonstra talentul, spiritul competitiv de organizare \u0219i pasiunea, spiritul competitiv.<\/span><\/span><\/p>\n<p><span dir=\"auto\" style=\"vertical-align: inherit;\"><span dir=\"auto\" style=\"vertical-align: inherit;\">To\u021bi copiii participan\u021bi au fost r\u0103spl\u0103ti\u021bi cu <\/span><\/span><strong><span dir=\"auto\" style=\"vertical-align: inherit;\"><span dir=\"auto\" style=\"vertical-align: inherit;\">diplome de participare<\/span><\/span><\/strong><span dir=\"auto\" style=\"vertical-align: inherit;\"><span dir=\"auto\" style=\"vertical-align: inherit;\"> , iar c\u00e2\u0219tig\u0103torii care au ocupat <\/span><\/span><strong><span dir=\"auto\" style=\"vertical-align: inherit;\"><span dir=\"auto\" style=\"vertical-align: inherit;\">locurile I, II \u0219i III<\/span><\/span><\/strong><span dir=\"auto\" style=\"vertical-align: inherit;\"><span dir=\"auto\" style=\"vertical-align: inherit;\"> au fost premia\u021bi cu <\/span><\/span><strong><span dir=\"auto\" style=\"vertical-align: inherit;\"><span dir=\"auto\" style=\"vertical-align: inherit;\">cupe<\/span><\/span><\/strong><span dir=\"auto\" style=\"vertical-align: inherit;\"><span dir=\"auto\" style=\"vertical-align: inherit;\"> , \u00een timp ce <\/span><\/span><strong><span dir=\"auto\" style=\"vertical-align: inherit;\"><span dir=\"auto\" style=\"vertical-align: inherit;\">men\u021biunile<\/span><\/span><\/strong><span dir=\"auto\" style=\"vertical-align: inherit;\"><span dir=\"auto\" style=\"vertical-align: inherit;\"> au primit <\/span><\/span><strong><span dir=\"auto\" style=\"vertical-align: inherit;\"><span dir=\"auto\" style=\"vertical-align: inherit;\">medalii<\/span><\/span><\/strong><span dir=\"auto\" style=\"vertical-align: inherit;\"><span dir=\"auto\" style=\"vertical-align: inherit;\"> , ca semn de apreciere pentru efortul, ambi\u021bia \u0219i cre\u0219terea ob\u021binute.<\/span><\/span><\/p>\n<p><span dir=\"auto\" style=\"vertical-align: inherit;\"><span dir=\"auto\" style=\"vertical-align: inherit;\">Atmosfera a fost o <\/span><\/span><strong><span dir=\"auto\" style=\"vertical-align: inherit;\"><span dir=\"auto\" style=\"vertical-align: inherit;\">entuziast\u0103<\/span><\/span><\/strong><span dir=\"auto\" style=\"vertical-align: inherit;\"><span dir=\"auto\" style=\"vertical-align: inherit;\"> , iar nivelul de joc \u2013 <\/span><\/span><strong><span dir=\"auto\" style=\"vertical-align: inherit;\"><span dir=\"auto\" style=\"vertical-align: inherit;\">foarte bun<\/span><\/span><\/strong><span dir=\"auto\" style=\"vertical-align: inherit;\"><span dir=\"auto\" style=\"vertical-align: inherit;\"> , confirm\u00e2nd \u00eenc\u0103 o dat\u0103 c\u0103 tenisul de mas\u0103 este unul dintre cele mai iubite sporturi \u00een r\u00e2ndul tinerilor din Pa\u0219cani \u0219i din jude\u021b.<\/span><\/span><\/p>\n<p><span dir=\"auto\" style=\"vertical-align: inherit;\"><span dir=\"auto\" style=\"vertical-align: inherit;\">Privim cu \u00eencredere c\u0103tre edi\u021biile viitoare \u0219i ne propunem ca, de la an la an, num\u0103rul de participan\u021bi s\u0103 creasc\u0103, oferind astfel \u0219i mai multor copii \u0219ansa de a se afirma prin sport.<\/span><\/span><\/p>\n<p><strong><span dir=\"auto\" style=\"vertical-align: inherit;\"><span dir=\"auto\" style=\"vertical-align: inherit;\">\u00a0\u00a0\u00a0 Felicit\u0103ri tuturor participan\u021bilor \u0219i mul\u021bumiri sincere organizatorilor, colegilor, profesorilor, p\u0103rin\u021bilor \u0219i partenerilor care au f\u0103cut posibil acest eveniment!<\/span><\/span><\/strong><\/p>\n","protected":false},"excerpt":{"rendered":"<p>\u00cen data de 1 Decembrie , la Clubul Copiilor Pa\u0219cani a avut loc Concursul local de Tenis de Mas\u0103 \u201eCupa 1 Decembrie\u201d , la sala de sport din cadrul compexului sportiv CSM Pascani. Un eveniment dedicat copiilor pasiona\u021bi de acest sport dinamic \u0219i spectaculos. Competi\u021bia sa bucurat de un interes deosebit, reunind un num\u0103r mare [&hellip;]<\/p>\n","protected":false},"author":4,"featured_media":0,"comment_status":"open","ping_status":"open","sticky":false,"template":"","format":"standard","meta":{"footnotes":""},"categories":[81],"tags":[],"class_list":["post-3946","post","type-post","status-publish","format-standard","hentry","category-tenis-de-masa"],"_links":{"self":[{"href":"https:\/\/ccpascani.ro\/index.php\/wp-json\/wp\/v2\/posts\/3946","targetHints":{"allow":["GET"]}}],"collection":[{"href":"https:\/\/ccpascani.ro\/index.php\/wp-json\/wp\/v2\/posts"}],"about":[{"href":"https:\/\/ccpascani.ro\/index.php\/wp-json\/wp\/v2\/types\/post"}],"author":[{"embeddable":true,"href":"https:\/\/ccpascani.ro\/index.php\/wp-json\/wp\/v2\/users\/4"}],"replies":[{"embeddable":true,"href":"https:\/\/ccpascani.ro\/index.php\/wp-json\/wp\/v2\/comments?post=3946"}],"version-history":[{"count":3,"href":"https:\/\/ccpascani.ro\/index.php\/wp-json\/wp\/v2\/posts\/3946\/revisions"}],"predecessor-version":[{"id":3957,"href":"https:\/\/ccpascani.ro\/index.php\/wp-json\/wp\/v2\/posts\/3946\/revisions\/3957"}],"wp:attachment":[{"href":"https:\/\/ccpascani.ro\/index.php\/wp-json\/wp\/v2\/media?parent=3946"}],"wp:term":[{"taxonomy":"category","embeddable":true,"href":"https:\/\/ccpascani.ro\/index.php\/wp-json\/wp\/v2\/categories?post=3946"},{"taxonomy":"post_tag","embeddable":true,"href":"https:\/\/ccpascani.ro\/index.php\/wp-json\/wp\/v2\/tags?post=3946"}],"curies":[{"name":"wp","href":"https:\/\/api.w.org\/{rel}","templated":true}]}}