{"id":4018,"date":"2026-03-23T11:44:29","date_gmt":"2026-03-23T11:44:29","guid":{"rendered":"https:\/\/ccpascani.ro\/?p=4018"},"modified":"2026-03-24T07:46:25","modified_gmt":"2026-03-24T07:46:25","slug":"dansul-este-graiul-poetic-al-formelor-omenesti-floria-capsali-%e2%9c%a8","status":"publish","type":"post","link":"https:\/\/ccpascani.ro\/index.php\/2026\/03\/23\/dansul-este-graiul-poetic-al-formelor-omenesti-floria-capsali-%e2%9c%a8\/","title":{"rendered":"\u201eDansul este graiul poetic al formelor omene\u0219ti.\u201d (Floria Capsali) \u2728"},"content":{"rendered":"<div class=\"x14z9mp xat24cr x1lziwak x1vvkbs xtlvy1s x126k92a\">\n<div dir=\"auto\"><span dir=\"auto\" style=\"vertical-align: inherit;\"><span dir=\"auto\" style=\"vertical-align: inherit;\"><span dir=\"auto\" style=\"vertical-align: inherit;\"><span dir=\"auto\" style=\"vertical-align: inherit;\">Ast\u0103zi, scena de la Clubul Copiilor Pa\u0219cani a prins via\u021b\u0103 prin mi\u0219care, culoare \u0219i mult\u0103 pasiune la prima edi\u021bie a festivalului \u201eSimDance\u201d! <\/span><\/span><\/span><span dir=\"auto\" style=\"vertical-align: inherit;\"><span dir=\"auto\" style=\"vertical-align: inherit;\"><span dir=\"auto\" style=\"vertical-align: inherit;\">a fost o bucurie s\u0103 vedem cum latura practic\u0103 a dansului sa \u00eembinat perfect cu un mesaj eco-responsabil, demonstr\u00e2nd c\u0103 arta \u0219i grija pentru natur\u0103 merge m\u00e2n\u0103 \u00een m\u00e2n\u0103.<\/span><\/span><\/span><\/span><span class=\"html-span xexx8yu xyri2b x18d9i69 x1c1uobl x1hl2dhg x16tdsg8 x1vvkbs x3nfvp2 x1j61x8r x1fcty0u xdj266r xat24cr xm2jcoa x1mpyi22 xxymvpz xlup9mm x1kky2od\"><img decoding=\"async\" class=\"xz74otr x15mokao x1ga7v0g x16uus16 xbiv7yw\" src=\"https:\/\/static.xx.fbcdn.net\/images\/emoji.php\/v9\/tc7\/1\/16\/1f483.png\" alt=\"\ud83d\udc83\" width=\"16\" height=\"16\" \/><\/span><span class=\"html-span xexx8yu xyri2b x18d9i69 x1c1uobl x1hl2dhg x16tdsg8 x1vvkbs x3nfvp2 x1j61x8r x1fcty0u xdj266r xat24cr xm2jcoa x1mpyi22 xxymvpz xlup9mm x1kky2od\"><img decoding=\"async\" class=\"xz74otr x15mokao x1ga7v0g x16uus16 xbiv7yw\" src=\"https:\/\/static.xx.fbcdn.net\/images\/emoji.php\/v9\/t97\/1\/16\/1f57a.png\" alt=\"\ud83d\udd7a\" width=\"16\" height=\"16\" \/><\/span><\/div>\n<\/div>\n<div class=\"x14z9mp xat24cr x1lziwak x1vvkbs xtlvy1s x126k92a\">\n<div dir=\"auto\"><span dir=\"auto\" style=\"vertical-align: inherit;\"><span dir=\"auto\" style=\"vertical-align: inherit;\"><span dir=\"auto\" style=\"vertical-align: inherit;\"><span dir=\"auto\" style=\"vertical-align: inherit;\">Mul\u021bumiri din suflet coordonatorilor pentru \u00eendrumare \u0219i tuturor celor implica\u021bi care au f\u0103cut ca acest eveniment s\u0103 fie unul de neuitat. Felicit\u0103ri micilor arti\u0219ti pentru energie debordant\u0103!<\/span><\/span><\/span><\/span><span class=\"html-span xexx8yu xyri2b x18d9i69 x1c1uobl x1hl2dhg x16tdsg8 x1vvkbs x3nfvp2 x1j61x8r x1fcty0u xdj266r xat24cr xm2jcoa x1mpyi22 xxymvpz xlup9mm x1kky2od\"><img decoding=\"async\" class=\"xz74otr x15mokao x1ga7v0g x16uus16 xbiv7yw\" src=\"https:\/\/static.xx.fbcdn.net\/images\/emoji.php\/v9\/t1e\/1\/16\/1f33f.png\" alt=\"\ud83c\udf3f\" width=\"16\" height=\"16\" \/><\/span><span class=\"html-span xexx8yu xyri2b x18d9i69 x1c1uobl x1hl2dhg x16tdsg8 x1vvkbs x3nfvp2 x1j61x8r x1fcty0u xdj266r xat24cr xm2jcoa x1mpyi22 xxymvpz xlup9mm x1kky2od\"><img loading=\"lazy\" decoding=\"async\" class=\"xz74otr x15mokao x1ga7v0g x16uus16 xbiv7yw\" src=\"https:\/\/static.xx.fbcdn.net\/images\/emoji.php\/v9\/te0\/1\/16\/1f31f.png\" alt=\"\ud83c\udf1f\" width=\"16\" height=\"16\" \/><\/span><\/div>\n<\/div>\n<div dir=\"auto\"><img loading=\"lazy\" decoding=\"async\" class=\"alignnone size-medium wp-image-4019\" src=\"http:\/\/ccpascani.ro\/wp-content\/uploads\/2026\/03\/654827593_26154788814131785_5481684591624089061_n-225x300.jpg\" alt=\"\" width=\"225\" height=\"300\" srcset=\"https:\/\/ccpascani.ro\/wp-content\/uploads\/2026\/03\/654827593_26154788814131785_5481684591624089061_n-225x300.jpg 225w, https:\/\/ccpascani.ro\/wp-content\/uploads\/2026\/03\/654827593_26154788814131785_5481684591624089061_n-768x1024.jpg 768w, https:\/\/ccpascani.ro\/wp-content\/uploads\/2026\/03\/654827593_26154788814131785_5481684591624089061_n-1152x1536.jpg 1152w, https:\/\/ccpascani.ro\/wp-content\/uploads\/2026\/03\/654827593_26154788814131785_5481684591624089061_n.jpg 1536w\" sizes=\"(max-width: 225px) 100vw, 225px\" \/> <img loading=\"lazy\" decoding=\"async\" class=\"alignnone size-medium wp-image-4020\" src=\"http:\/\/ccpascani.ro\/wp-content\/uploads\/2026\/03\/656157453_26154788397465160_7810686827755953754_n-200x300.jpg\" alt=\"\" width=\"200\" height=\"300\" srcset=\"https:\/\/ccpascani.ro\/wp-content\/uploads\/2026\/03\/656157453_26154788397465160_7810686827755953754_n-200x300.jpg 200w, https:\/\/ccpascani.ro\/wp-content\/uploads\/2026\/03\/656157453_26154788397465160_7810686827755953754_n-683x1024.jpg 683w, https:\/\/ccpascani.ro\/wp-content\/uploads\/2026\/03\/656157453_26154788397465160_7810686827755953754_n-768x1152.jpg 768w, https:\/\/ccpascani.ro\/wp-content\/uploads\/2026\/03\/656157453_26154788397465160_7810686827755953754_n-1024x1536.jpg 1024w, https:\/\/ccpascani.ro\/wp-content\/uploads\/2026\/03\/656157453_26154788397465160_7810686827755953754_n.jpg 1040w\" sizes=\"(max-width: 200px) 100vw, 200px\" \/><\/div>\n<div dir=\"auto\"><span dir=\"auto\" style=\"vertical-align: inherit;\"><span dir=\"auto\" style=\"vertical-align: inherit;\">VIDEOCLIP PRELUAT DE LA ACTUALITATE TV : <a href=\"https:\/\/www.youtube.com\/watch?v=1IYmGBKjeJE\">AICI<\/a><\/span><\/span><\/div>\n<div dir=\"auto\"><\/div>\n","protected":false},"excerpt":{"rendered":"<p>Ast\u0103zi, scena de la Clubul Copiilor Pa\u0219cani a prins via\u021b\u0103 prin mi\u0219care, culoare \u0219i mult\u0103 pasiune la prima edi\u021bie a festivalului \u201eSimDance\u201d! a fost o bucurie s\u0103 vedem cum latura practic\u0103 a dansului sa \u00eembinat perfect cu un mesaj eco-responsabil, demonstr\u00e2nd c\u0103 arta \u0219i grija pentru natur\u0103 merge m\u00e2n\u0103 \u00een m\u00e2n\u0103. Mul\u021bumiri din suflet coordonatorilor [&hellip;]<\/p>\n","protected":false},"author":4,"featured_media":0,"comment_status":"open","ping_status":"open","sticky":false,"template":"","format":"standard","meta":{"footnotes":""},"categories":[88],"tags":[],"class_list":["post-4018","post","type-post","status-publish","format-standard","hentry","category-dans-contemporan-modern"],"_links":{"self":[{"href":"https:\/\/ccpascani.ro\/index.php\/wp-json\/wp\/v2\/posts\/4018","targetHints":{"allow":["GET"]}}],"collection":[{"href":"https:\/\/ccpascani.ro\/index.php\/wp-json\/wp\/v2\/posts"}],"about":[{"href":"https:\/\/ccpascani.ro\/index.php\/wp-json\/wp\/v2\/types\/post"}],"author":[{"embeddable":true,"href":"https:\/\/ccpascani.ro\/index.php\/wp-json\/wp\/v2\/users\/4"}],"replies":[{"embeddable":true,"href":"https:\/\/ccpascani.ro\/index.php\/wp-json\/wp\/v2\/comments?post=4018"}],"version-history":[{"count":5,"href":"https:\/\/ccpascani.ro\/index.php\/wp-json\/wp\/v2\/posts\/4018\/revisions"}],"predecessor-version":[{"id":4025,"href":"https:\/\/ccpascani.ro\/index.php\/wp-json\/wp\/v2\/posts\/4018\/revisions\/4025"}],"wp:attachment":[{"href":"https:\/\/ccpascani.ro\/index.php\/wp-json\/wp\/v2\/media?parent=4018"}],"wp:term":[{"taxonomy":"category","embeddable":true,"href":"https:\/\/ccpascani.ro\/index.php\/wp-json\/wp\/v2\/categories?post=4018"},{"taxonomy":"post_tag","embeddable":true,"href":"https:\/\/ccpascani.ro\/index.php\/wp-json\/wp\/v2\/tags?post=4018"}],"curies":[{"name":"wp","href":"https:\/\/api.w.org\/{rel}","templated":true}]}}